{"projects":[{"title":"Einfahrt","url":"https:\/\/www.hametergarten.at\/project\/einfahrt\/","image":"https:\/\/www.hametergarten.at\/wp-content\/uploads\/2025\/10\/korthase-12-scaled.jpg"},{"title":"Innenhof Begr\u00fcnung","url":"https:\/\/www.hametergarten.at\/project\/innenhof-begruenung\/","image":"https:\/\/www.hametergarten.at\/wp-content\/uploads\/2025\/10\/IMG_3459-scaled.jpg"},{"title":"Holzzaun &#038; Pflanzung","url":"https:\/\/www.hametergarten.at\/project\/holzzaun-pflanzung\/","image":"https:\/\/www.hametergarten.at\/wp-content\/uploads\/2025\/10\/3-scaled.jpg"},{"title":"Pflanzung Strass","url":"https:\/\/www.hametergarten.at\/project\/pflanzung-strass\/","image":"https:\/\/www.hametergarten.at\/wp-content\/uploads\/2025\/10\/arndorfer-4-scaled.jpg"},{"title":"Pflanzung Tulbing","url":"https:\/\/www.hametergarten.at\/project\/pflanzung-tulbing\/","image":"https:\/\/www.hametergarten.at\/wp-content\/uploads\/2025\/10\/IMG_5858-scaled.jpg"},{"title":"Hausgarten Wien","url":"https:\/\/www.hametergarten.at\/project\/hausgarten-tulln-4\/","image":"https:\/\/www.hametergarten.at\/wp-content\/uploads\/2025\/10\/IMG_3374-scaled.jpg"},{"title":"Hausgarten Tulln","url":"https:\/\/www.hametergarten.at\/project\/hausgarten-tulln\/","image":"https:\/\/www.hametergarten.at\/wp-content\/uploads\/2024\/07\/hausgarten-tulln-beitragsbild.jpg"},{"title":"Pflanzung Tulln","url":"https:\/\/www.hametergarten.at\/project\/hausgarten-tulln-2\/","image":"https:\/\/www.hametergarten.at\/wp-content\/uploads\/2024\/10\/DSCF1196-6-scaled.jpg"},{"title":"Hausgarten Tulln","url":"https:\/\/www.hametergarten.at\/project\/hausgarten-tulln-3\/","image":"https:\/\/www.hametergarten.at\/wp-content\/uploads\/2024\/10\/freygner-21-scaled.jpg"},{"title":"Sitzplatz und Pflanzung Tulln","url":"https:\/\/www.hametergarten.at\/project\/sitzplatz-und-pflanzung-tulln\/","image":"https:\/\/www.hametergarten.at\/wp-content\/uploads\/2024\/10\/DSCF1263-3-scaled.jpg"},{"title":"Dachterrasse und Pflanzung Salzburg","url":"https:\/\/www.hametergarten.at\/project\/dachterrasse-und-pflanzung-salzburg\/","image":"https:\/\/www.hametergarten.at\/wp-content\/uploads\/2024\/10\/DSCF1379-3-scaled.jpg"},{"title":"Vorgarten Tulln","url":"https:\/\/www.hametergarten.at\/project\/vorgarten-tulln\/","image":"https:\/\/www.hametergarten.at\/wp-content\/uploads\/2024\/10\/DSCF1251-4-scaled.jpg"},{"title":"Hausgarten St. P\u00f6lten","url":"https:\/\/www.hametergarten.at\/project\/hausgarten-st-poelten\/","image":"https:\/\/www.hametergarten.at\/wp-content\/uploads\/2024\/07\/DSCF1370-41-1-scaled.jpg"},{"title":"Steinbrunnen Baumgarten","url":"https:\/\/www.hametergarten.at\/project\/steinbrunnen-baumgarten\/","image":"https:\/\/www.hametergarten.at\/wp-content\/uploads\/2024\/10\/DSCF1284-3-scaled.jpg"}],"description":"Ob Gro\u00dfe und kleine G\u00e4rten, Neuanlagen oder Bestandsg\u00e4rten, wir suchen r\u00e4umliche Beziehungen, achten auf den Bestand wie Architektur oder Vegetation und gehen auf Ihre Nutzungsanspr\u00fcche ein. Suchen sie nach Familieng\u00e4rten mit spannenden Gr\u00fcnfl\u00e4chen zum Entdecken? Oder doch eher ruhige Oasen mit \u00fcppigem Gr\u00fcn? Soll der Garten auch von innerhalb des Hauses erlebbar sein?\r\nWir besch\u00e4ftigen uns gerne mit Ihren Anliegen!"}